{"id":42,"date":"2020-06-09T15:16:18","date_gmt":"2020-06-09T15:16:18","guid":{"rendered":"https:\/\/kriegs-zeitzeugen.ch\/?p=42"},"modified":"2020-06-18T07:37:15","modified_gmt":"2020-06-18T07:37:15","slug":"hans-bendel","status":"publish","type":"post","link":"https:\/\/kriegs-zeitzeugen.ch\/index.php\/2020\/06\/09\/hans-bendel\/","title":{"rendered":"Hans Bendel"},"content":{"rendered":"<div class=\"sc-type-small\">\n<div>\n<p>Der 1926 in Schaffhausen geborene und aufgewachsene Hans Bendel ging noch zur Schule, als der Zweite Weltkrieg ausbrach. Trotzdem habe sich f\u00fcr ihn nicht all zu viel ver\u00e4ndert. Er sei eben schon immer ein Optimist gewesen. Besonders angetan h\u00e4tten es ihm die Kriegsflugzeuge, die er immer wieder am Himmel beobachten konnte, w\u00e4hrendem diese ihre t\u00f6dliche Ladung \u00fcber den grenznahen deutschen St\u00e4dten abwarfen. Um diesem Schauspiel beizuwohnen, ignorierte er immer \u00f6fters die Sirenen, welche Luftalarm verk\u00fcndeten. Das h\u00e4tte ihm beinahe das Leben gekostet, als im Fr\u00fchling 1944 Bomben auf seine Heimatstadt fielen.<\/p>\n<p><span style=\"font-family: 'Georgia',serif; color: #333333; background: white;\">Manchmal geht alles sehr schnell. So auch das Treffen mit Hans Bendel. Ein pensionierter Arbeitskollege rief mich Anfangs M\u00e4rz 2020 an und berichtete, dass gerade ein 94-j\u00e4hriger Bekannter von ihm ein paar Tage zu Besuch im Engadin w\u00e4re, welcher bereit sei, \u00fcber die Kriegszeit zu erz\u00e4hlen. Ich verwarf also alle meine Pl\u00e4ne f\u00fcr den kommenden Tag, organisierte einen ruhigen Raum f\u00fcr die Aufzeichnung und keine 24 Stunden sp\u00e4ter war das Gespr\u00e4ch bereits \u00abim Kasten\u00bb. Daraus resultierte mein erster ZeitZeugen-Podcast. <\/span><\/p>\n<div style=\"font-size: 10px; color: #cccccc; line-break: anywhere; word-break: normal; overflow: hidden; white-space: nowrap; text-overflow: ellipsis; font-family: Interstate,Lucida Grande,Lucida Sans Unicode,Lucida Sans,Garuda,Verdana,Tahoma,sans-serif; font-weight: 100;\"><a style=\"color: #cccccc; text-decoration: none;\" title=\"ZeitZeugen\" href=\"https:\/\/soundcloud.com\/zeitzeugen\" target=\"_blank\" rel=\"noopener noreferrer\"><iframe loading=\"lazy\" src=\"https:\/\/w.soundcloud.com\/player\/?url=https%3A\/\/api.soundcloud.com\/tracks\/838488091&amp;color=%23ff5500&amp;auto_play=false&amp;hide_related=false&amp;show_comments=true&amp;show_user=true&amp;show_reposts=false&amp;show_teaser=true\" width=\"100%\" height=\"166\" frameborder=\"no\" scrolling=\"no\" data-mce-fragment=\"1\"><\/iframe>ZeitZeugen<\/a> \u00b7 <a style=\"color: #cccccc; text-decoration: none;\" title=\"Hans Bendel (1926)\" href=\"https:\/\/soundcloud.com\/zeitzeugen\/hans-bendel-1926\" target=\"_blank\" rel=\"noopener noreferrer\">Hans Bendel (1926)<\/a><\/div>\n<\/div>\n<div>\n<div id=\"attachment_170\" style=\"width: 610px\" class=\"wp-caption alignnone\"><a href=\"https:\/\/kriegs-zeitzeugen.ch\/wp-content\/uploads\/2020\/06\/Bombardierung-Schaffhausen-f\u00fcr-online-geschnitten-scaled.jpg\"><img loading=\"lazy\" decoding=\"async\" aria-describedby=\"caption-attachment-170\" class=\"wp-image-170 size-large\" src=\"https:\/\/kriegs-zeitzeugen.ch\/wp-content\/uploads\/2020\/06\/Bombardierung-Schaffhausen-f\u00fcr-online-geschnitten-1024x705.jpg\" alt=\"\" width=\"600\" height=\"413\" srcset=\"https:\/\/kriegs-zeitzeugen.ch\/wp-content\/uploads\/2020\/06\/Bombardierung-Schaffhausen-f\u00fcr-online-geschnitten-1024x705.jpg 1024w, https:\/\/kriegs-zeitzeugen.ch\/wp-content\/uploads\/2020\/06\/Bombardierung-Schaffhausen-f\u00fcr-online-geschnitten-300x206.jpg 300w, https:\/\/kriegs-zeitzeugen.ch\/wp-content\/uploads\/2020\/06\/Bombardierung-Schaffhausen-f\u00fcr-online-geschnitten-768x529.jpg 768w, https:\/\/kriegs-zeitzeugen.ch\/wp-content\/uploads\/2020\/06\/Bombardierung-Schaffhausen-f\u00fcr-online-geschnitten-1536x1057.jpg 1536w, https:\/\/kriegs-zeitzeugen.ch\/wp-content\/uploads\/2020\/06\/Bombardierung-Schaffhausen-f\u00fcr-online-geschnitten-2048x1409.jpg 2048w, https:\/\/kriegs-zeitzeugen.ch\/wp-content\/uploads\/2020\/06\/Bombardierung-Schaffhausen-f\u00fcr-online-geschnitten-1240x853.jpg 1240w, https:\/\/kriegs-zeitzeugen.ch\/wp-content\/uploads\/2020\/06\/Bombardierung-Schaffhausen-f\u00fcr-online-geschnitten-508x350.jpg 508w\" sizes=\"auto, (max-width: 600px) 100vw, 600px\" \/><\/a><p id=\"caption-attachment-170\" class=\"wp-caption-text\">Es war der schwerste Angriff auf die neutrale Schweiz im Zweiten Weltkrieg: Die Bombardierung der Stadt Schaffhausen am 1. April 1944. Zeitzeuge Hans Bendel hatte Gl\u00fcck; er und seine Familie wurden von den Bomben verschont.<\/p><\/div>\n<div id=\"attachment_153\" style=\"width: 610px\" class=\"wp-caption alignnone\"><a href=\"https:\/\/kriegs-zeitzeugen.ch\/wp-content\/uploads\/2020\/06\/Schaffhausen-Bombardierung-jpg-scaled.jpg\"><img loading=\"lazy\" decoding=\"async\" aria-describedby=\"caption-attachment-153\" class=\"size-large wp-image-153\" src=\"https:\/\/kriegs-zeitzeugen.ch\/wp-content\/uploads\/2020\/06\/Schaffhausen-Bombardierung-jpg-1024x692.jpg\" alt=\"\" width=\"600\" height=\"405\" srcset=\"https:\/\/kriegs-zeitzeugen.ch\/wp-content\/uploads\/2020\/06\/Schaffhausen-Bombardierung-jpg-1024x692.jpg 1024w, https:\/\/kriegs-zeitzeugen.ch\/wp-content\/uploads\/2020\/06\/Schaffhausen-Bombardierung-jpg-300x203.jpg 300w, https:\/\/kriegs-zeitzeugen.ch\/wp-content\/uploads\/2020\/06\/Schaffhausen-Bombardierung-jpg-768x519.jpg 768w, https:\/\/kriegs-zeitzeugen.ch\/wp-content\/uploads\/2020\/06\/Schaffhausen-Bombardierung-jpg-1536x1038.jpg 1536w, https:\/\/kriegs-zeitzeugen.ch\/wp-content\/uploads\/2020\/06\/Schaffhausen-Bombardierung-jpg-2048x1384.jpg 2048w, https:\/\/kriegs-zeitzeugen.ch\/wp-content\/uploads\/2020\/06\/Schaffhausen-Bombardierung-jpg-1240x838.jpg 1240w, https:\/\/kriegs-zeitzeugen.ch\/wp-content\/uploads\/2020\/06\/Schaffhausen-Bombardierung-jpg-508x343.jpg 508w\" sizes=\"auto, (max-width: 600px) 100vw, 600px\" \/><\/a><p id=\"caption-attachment-153\" class=\"wp-caption-text\">Das Schaffhauser M\u00fchlequartier \u2013 wo diese Fotografie entstand \u2013 hatte es besonders schwer getroffen. Zum Zeitpunkt der Aufnahme waren die Abbruch-\/Aufr\u00e4umarbeiten bereits in vollem Gange; die Strasse wurde ger\u00e4umt und das Tram hatte wieder freie Fahrt. Hingegen wurde die schwer besch\u00e4digte Wirtschaft zur Glocke nicht mehr aufgebaut.<\/p><\/div>\n<\/div>\n<div>\n<div style=\"font-size: 10px; color: #cccccc; line-break: anywhere; word-break: normal; overflow: hidden; white-space: nowrap; text-overflow: ellipsis; font-family: Interstate,Lucida Grande,Lucida Sans Unicode,Lucida Sans,Garuda,Verdana,Tahoma,sans-serif; font-weight: 100;\"><\/div>\n<\/div>\n<\/div>\n<p>&nbsp;<\/p>\n","protected":false},"excerpt":{"rendered":"<p>Der 1926 in Schaffhausen geborene und aufgewachsene Hans Bendel ging noch zur Schule, als der Zweite Weltkrieg ausbrach. Trotzdem habe sich f\u00fcr ihn nicht all zu viel ver\u00e4ndert. Er sei eben schon immer ein Optimist gewesen. Besonders angetan h\u00e4tten es ihm die Kriegsflugzeuge, die er immer wieder am Himmel beobachten konnte, w\u00e4hrendem diese ihre t\u00f6dliche [&hellip;]<\/p>\n","protected":false},"author":1,"featured_media":152,"comment_status":"closed","ping_status":"closed","sticky":false,"template":"","format":"standard","meta":{"footnotes":""},"categories":[7,11],"tags":[],"class_list":["post-42","post","type-post","status-publish","format-standard","has-post-thumbnail","hentry","category-podcast","category-schaffhausen"],"yoast_head":"<!-- This site is optimized with the Yoast SEO plugin v27.5 - https:\/\/yoast.com\/product\/yoast-seo-wordpress\/ -->\n<title>Hans Bendel - Zeitzeugen<\/title>\n<meta name=\"robots\" content=\"index, follow, max-snippet:-1, max-image-preview:large, max-video-preview:-1\" \/>\n<link rel=\"canonical\" href=\"https:\/\/kriegs-zeitzeugen.ch\/index.php\/2020\/06\/09\/hans-bendel\/\" \/>\n<meta property=\"og:locale\" content=\"de_DE\" \/>\n<meta property=\"og:type\" content=\"article\" \/>\n<meta property=\"og:title\" content=\"Hans Bendel - Zeitzeugen\" \/>\n<meta property=\"og:description\" content=\"Der 1926 in Schaffhausen geborene und aufgewachsene Hans Bendel ging noch zur Schule, als der Zweite Weltkrieg ausbrach. Trotzdem habe sich f\u00fcr ihn nicht all zu viel ver\u00e4ndert. Er sei eben schon immer ein Optimist gewesen. Besonders angetan h\u00e4tten es ihm die Kriegsflugzeuge, die er immer wieder am Himmel beobachten konnte, w\u00e4hrendem diese ihre t\u00f6dliche [&hellip;]\" \/>\n<meta property=\"og:url\" content=\"https:\/\/kriegs-zeitzeugen.ch\/index.php\/2020\/06\/09\/hans-bendel\/\" \/>\n<meta property=\"og:site_name\" content=\"Zeitzeugen\" \/>\n<meta property=\"article:published_time\" content=\"2020-06-09T15:16:18+00:00\" \/>\n<meta property=\"article:modified_time\" content=\"2020-06-18T07:37:15+00:00\" \/>\n<meta property=\"og:image\" content=\"https:\/\/kriegs-zeitzeugen.ch\/wp-content\/uploads\/2020\/06\/VP5A0234a_TS_2_NEU-scaled.jpg\" \/>\n\t<meta property=\"og:image:width\" content=\"1921\" \/>\n\t<meta property=\"og:image:height\" content=\"2560\" \/>\n\t<meta property=\"og:image:type\" content=\"image\/jpeg\" \/>\n<meta name=\"author\" content=\"admin\" \/>\n<meta name=\"twitter:card\" content=\"summary_large_image\" \/>\n<meta name=\"twitter:label1\" content=\"Verfasst von\" \/>\n\t<meta name=\"twitter:data1\" content=\"admin\" \/>\n\t<meta name=\"twitter:label2\" content=\"Gesch\u00e4tzte Lesezeit\" \/>\n\t<meta name=\"twitter:data2\" content=\"1\u00a0Minute\" \/>\n<script type=\"application\/ld+json\" class=\"yoast-schema-graph\">{\"@context\":\"https:\\\/\\\/schema.org\",\"@graph\":[{\"@type\":\"Article\",\"@id\":\"https:\\\/\\\/kriegs-zeitzeugen.ch\\\/index.php\\\/2020\\\/06\\\/09\\\/hans-bendel\\\/#article\",\"isPartOf\":{\"@id\":\"https:\\\/\\\/kriegs-zeitzeugen.ch\\\/index.php\\\/2020\\\/06\\\/09\\\/hans-bendel\\\/\"},\"author\":{\"name\":\"admin\",\"@id\":\"https:\\\/\\\/kriegs-zeitzeugen.ch\\\/#\\\/schema\\\/person\\\/3248ab641d04b28fe26a687f2c6afeb5\"},\"headline\":\"Hans Bendel\",\"datePublished\":\"2020-06-09T15:16:18+00:00\",\"dateModified\":\"2020-06-18T07:37:15+00:00\",\"mainEntityOfPage\":{\"@id\":\"https:\\\/\\\/kriegs-zeitzeugen.ch\\\/index.php\\\/2020\\\/06\\\/09\\\/hans-bendel\\\/\"},\"wordCount\":288,\"publisher\":{\"@id\":\"https:\\\/\\\/kriegs-zeitzeugen.ch\\\/#organization\"},\"image\":{\"@id\":\"https:\\\/\\\/kriegs-zeitzeugen.ch\\\/index.php\\\/2020\\\/06\\\/09\\\/hans-bendel\\\/#primaryimage\"},\"thumbnailUrl\":\"https:\\\/\\\/kriegs-zeitzeugen.ch\\\/wp-content\\\/uploads\\\/2020\\\/06\\\/VP5A0234a_TS_2_NEU-scaled.jpg\",\"articleSection\":[\"Podcast\",\"Schaffhausen\"],\"inLanguage\":\"de\"},{\"@type\":\"WebPage\",\"@id\":\"https:\\\/\\\/kriegs-zeitzeugen.ch\\\/index.php\\\/2020\\\/06\\\/09\\\/hans-bendel\\\/\",\"url\":\"https:\\\/\\\/kriegs-zeitzeugen.ch\\\/index.php\\\/2020\\\/06\\\/09\\\/hans-bendel\\\/\",\"name\":\"Hans Bendel - Zeitzeugen\",\"isPartOf\":{\"@id\":\"https:\\\/\\\/kriegs-zeitzeugen.ch\\\/#website\"},\"primaryImageOfPage\":{\"@id\":\"https:\\\/\\\/kriegs-zeitzeugen.ch\\\/index.php\\\/2020\\\/06\\\/09\\\/hans-bendel\\\/#primaryimage\"},\"image\":{\"@id\":\"https:\\\/\\\/kriegs-zeitzeugen.ch\\\/index.php\\\/2020\\\/06\\\/09\\\/hans-bendel\\\/#primaryimage\"},\"thumbnailUrl\":\"https:\\\/\\\/kriegs-zeitzeugen.ch\\\/wp-content\\\/uploads\\\/2020\\\/06\\\/VP5A0234a_TS_2_NEU-scaled.jpg\",\"datePublished\":\"2020-06-09T15:16:18+00:00\",\"dateModified\":\"2020-06-18T07:37:15+00:00\",\"breadcrumb\":{\"@id\":\"https:\\\/\\\/kriegs-zeitzeugen.ch\\\/index.php\\\/2020\\\/06\\\/09\\\/hans-bendel\\\/#breadcrumb\"},\"inLanguage\":\"de\",\"potentialAction\":[{\"@type\":\"ReadAction\",\"target\":[\"https:\\\/\\\/kriegs-zeitzeugen.ch\\\/index.php\\\/2020\\\/06\\\/09\\\/hans-bendel\\\/\"]}]},{\"@type\":\"ImageObject\",\"inLanguage\":\"de\",\"@id\":\"https:\\\/\\\/kriegs-zeitzeugen.ch\\\/index.php\\\/2020\\\/06\\\/09\\\/hans-bendel\\\/#primaryimage\",\"url\":\"https:\\\/\\\/kriegs-zeitzeugen.ch\\\/wp-content\\\/uploads\\\/2020\\\/06\\\/VP5A0234a_TS_2_NEU-scaled.jpg\",\"contentUrl\":\"https:\\\/\\\/kriegs-zeitzeugen.ch\\\/wp-content\\\/uploads\\\/2020\\\/06\\\/VP5A0234a_TS_2_NEU-scaled.jpg\",\"width\":1921,\"height\":2560},{\"@type\":\"BreadcrumbList\",\"@id\":\"https:\\\/\\\/kriegs-zeitzeugen.ch\\\/index.php\\\/2020\\\/06\\\/09\\\/hans-bendel\\\/#breadcrumb\",\"itemListElement\":[{\"@type\":\"ListItem\",\"position\":1,\"name\":\"Home\",\"item\":\"https:\\\/\\\/kriegs-zeitzeugen.ch\\\/\"},{\"@type\":\"ListItem\",\"position\":2,\"name\":\"Hans Bendel\"}]},{\"@type\":\"WebSite\",\"@id\":\"https:\\\/\\\/kriegs-zeitzeugen.ch\\\/#website\",\"url\":\"https:\\\/\\\/kriegs-zeitzeugen.ch\\\/\",\"name\":\"Zeitzeugen\",\"description\":\"\",\"publisher\":{\"@id\":\"https:\\\/\\\/kriegs-zeitzeugen.ch\\\/#organization\"},\"potentialAction\":[{\"@type\":\"SearchAction\",\"target\":{\"@type\":\"EntryPoint\",\"urlTemplate\":\"https:\\\/\\\/kriegs-zeitzeugen.ch\\\/?s={search_term_string}\"},\"query-input\":{\"@type\":\"PropertyValueSpecification\",\"valueRequired\":true,\"valueName\":\"search_term_string\"}}],\"inLanguage\":\"de\"},{\"@type\":\"Organization\",\"@id\":\"https:\\\/\\\/kriegs-zeitzeugen.ch\\\/#organization\",\"name\":\"Zeitzeugen\",\"url\":\"https:\\\/\\\/kriegs-zeitzeugen.ch\\\/\",\"logo\":{\"@type\":\"ImageObject\",\"inLanguage\":\"de\",\"@id\":\"https:\\\/\\\/kriegs-zeitzeugen.ch\\\/#\\\/schema\\\/logo\\\/image\\\/\",\"url\":\"https:\\\/\\\/kriegs-zeitzeugen.ch\\\/wp-content\\\/uploads\\\/2020\\\/06\\\/ZeitZeugen-Collage-Soundcloud-3-freigestellt-k-2-e1591724055360.png\",\"contentUrl\":\"https:\\\/\\\/kriegs-zeitzeugen.ch\\\/wp-content\\\/uploads\\\/2020\\\/06\\\/ZeitZeugen-Collage-Soundcloud-3-freigestellt-k-2-e1591724055360.png\",\"width\":2400,\"height\":658,\"caption\":\"Zeitzeugen\"},\"image\":{\"@id\":\"https:\\\/\\\/kriegs-zeitzeugen.ch\\\/#\\\/schema\\\/logo\\\/image\\\/\"}},{\"@type\":\"Person\",\"@id\":\"https:\\\/\\\/kriegs-zeitzeugen.ch\\\/#\\\/schema\\\/person\\\/3248ab641d04b28fe26a687f2c6afeb5\",\"name\":\"admin\",\"image\":{\"@type\":\"ImageObject\",\"inLanguage\":\"de\",\"@id\":\"https:\\\/\\\/secure.gravatar.com\\\/avatar\\\/e6d08ba1ba5d9ee6519be5c5253c9f2ad6d6fab525209c0891a032d84cd887f6?s=96&d=mm&r=g\",\"url\":\"https:\\\/\\\/secure.gravatar.com\\\/avatar\\\/e6d08ba1ba5d9ee6519be5c5253c9f2ad6d6fab525209c0891a032d84cd887f6?s=96&d=mm&r=g\",\"contentUrl\":\"https:\\\/\\\/secure.gravatar.com\\\/avatar\\\/e6d08ba1ba5d9ee6519be5c5253c9f2ad6d6fab525209c0891a032d84cd887f6?s=96&d=mm&r=g\",\"caption\":\"admin\"},\"sameAs\":[\"https:\\\/\\\/kriegs-zeitzeugen.ch\"],\"url\":\"https:\\\/\\\/kriegs-zeitzeugen.ch\\\/index.php\\\/author\\\/chbenz-admin\\\/\"}]}<\/script>\n<!-- \/ Yoast SEO plugin. -->","yoast_head_json":{"title":"Hans Bendel - Zeitzeugen","robots":{"index":"index","follow":"follow","max-snippet":"max-snippet:-1","max-image-preview":"max-image-preview:large","max-video-preview":"max-video-preview:-1"},"canonical":"https:\/\/kriegs-zeitzeugen.ch\/index.php\/2020\/06\/09\/hans-bendel\/","og_locale":"de_DE","og_type":"article","og_title":"Hans Bendel - Zeitzeugen","og_description":"Der 1926 in Schaffhausen geborene und aufgewachsene Hans Bendel ging noch zur Schule, als der Zweite Weltkrieg ausbrach. Trotzdem habe sich f\u00fcr ihn nicht all zu viel ver\u00e4ndert. Er sei eben schon immer ein Optimist gewesen. Besonders angetan h\u00e4tten es ihm die Kriegsflugzeuge, die er immer wieder am Himmel beobachten konnte, w\u00e4hrendem diese ihre t\u00f6dliche [&hellip;]","og_url":"https:\/\/kriegs-zeitzeugen.ch\/index.php\/2020\/06\/09\/hans-bendel\/","og_site_name":"Zeitzeugen","article_published_time":"2020-06-09T15:16:18+00:00","article_modified_time":"2020-06-18T07:37:15+00:00","og_image":[{"width":1921,"height":2560,"url":"https:\/\/kriegs-zeitzeugen.ch\/wp-content\/uploads\/2020\/06\/VP5A0234a_TS_2_NEU-scaled.jpg","type":"image\/jpeg"}],"author":"admin","twitter_card":"summary_large_image","twitter_misc":{"Verfasst von":"admin","Gesch\u00e4tzte Lesezeit":"1\u00a0Minute"},"schema":{"@context":"https:\/\/schema.org","@graph":[{"@type":"Article","@id":"https:\/\/kriegs-zeitzeugen.ch\/index.php\/2020\/06\/09\/hans-bendel\/#article","isPartOf":{"@id":"https:\/\/kriegs-zeitzeugen.ch\/index.php\/2020\/06\/09\/hans-bendel\/"},"author":{"name":"admin","@id":"https:\/\/kriegs-zeitzeugen.ch\/#\/schema\/person\/3248ab641d04b28fe26a687f2c6afeb5"},"headline":"Hans Bendel","datePublished":"2020-06-09T15:16:18+00:00","dateModified":"2020-06-18T07:37:15+00:00","mainEntityOfPage":{"@id":"https:\/\/kriegs-zeitzeugen.ch\/index.php\/2020\/06\/09\/hans-bendel\/"},"wordCount":288,"publisher":{"@id":"https:\/\/kriegs-zeitzeugen.ch\/#organization"},"image":{"@id":"https:\/\/kriegs-zeitzeugen.ch\/index.php\/2020\/06\/09\/hans-bendel\/#primaryimage"},"thumbnailUrl":"https:\/\/kriegs-zeitzeugen.ch\/wp-content\/uploads\/2020\/06\/VP5A0234a_TS_2_NEU-scaled.jpg","articleSection":["Podcast","Schaffhausen"],"inLanguage":"de"},{"@type":"WebPage","@id":"https:\/\/kriegs-zeitzeugen.ch\/index.php\/2020\/06\/09\/hans-bendel\/","url":"https:\/\/kriegs-zeitzeugen.ch\/index.php\/2020\/06\/09\/hans-bendel\/","name":"Hans Bendel - Zeitzeugen","isPartOf":{"@id":"https:\/\/kriegs-zeitzeugen.ch\/#website"},"primaryImageOfPage":{"@id":"https:\/\/kriegs-zeitzeugen.ch\/index.php\/2020\/06\/09\/hans-bendel\/#primaryimage"},"image":{"@id":"https:\/\/kriegs-zeitzeugen.ch\/index.php\/2020\/06\/09\/hans-bendel\/#primaryimage"},"thumbnailUrl":"https:\/\/kriegs-zeitzeugen.ch\/wp-content\/uploads\/2020\/06\/VP5A0234a_TS_2_NEU-scaled.jpg","datePublished":"2020-06-09T15:16:18+00:00","dateModified":"2020-06-18T07:37:15+00:00","breadcrumb":{"@id":"https:\/\/kriegs-zeitzeugen.ch\/index.php\/2020\/06\/09\/hans-bendel\/#breadcrumb"},"inLanguage":"de","potentialAction":[{"@type":"ReadAction","target":["https:\/\/kriegs-zeitzeugen.ch\/index.php\/2020\/06\/09\/hans-bendel\/"]}]},{"@type":"ImageObject","inLanguage":"de","@id":"https:\/\/kriegs-zeitzeugen.ch\/index.php\/2020\/06\/09\/hans-bendel\/#primaryimage","url":"https:\/\/kriegs-zeitzeugen.ch\/wp-content\/uploads\/2020\/06\/VP5A0234a_TS_2_NEU-scaled.jpg","contentUrl":"https:\/\/kriegs-zeitzeugen.ch\/wp-content\/uploads\/2020\/06\/VP5A0234a_TS_2_NEU-scaled.jpg","width":1921,"height":2560},{"@type":"BreadcrumbList","@id":"https:\/\/kriegs-zeitzeugen.ch\/index.php\/2020\/06\/09\/hans-bendel\/#breadcrumb","itemListElement":[{"@type":"ListItem","position":1,"name":"Home","item":"https:\/\/kriegs-zeitzeugen.ch\/"},{"@type":"ListItem","position":2,"name":"Hans Bendel"}]},{"@type":"WebSite","@id":"https:\/\/kriegs-zeitzeugen.ch\/#website","url":"https:\/\/kriegs-zeitzeugen.ch\/","name":"Zeitzeugen","description":"","publisher":{"@id":"https:\/\/kriegs-zeitzeugen.ch\/#organization"},"potentialAction":[{"@type":"SearchAction","target":{"@type":"EntryPoint","urlTemplate":"https:\/\/kriegs-zeitzeugen.ch\/?s={search_term_string}"},"query-input":{"@type":"PropertyValueSpecification","valueRequired":true,"valueName":"search_term_string"}}],"inLanguage":"de"},{"@type":"Organization","@id":"https:\/\/kriegs-zeitzeugen.ch\/#organization","name":"Zeitzeugen","url":"https:\/\/kriegs-zeitzeugen.ch\/","logo":{"@type":"ImageObject","inLanguage":"de","@id":"https:\/\/kriegs-zeitzeugen.ch\/#\/schema\/logo\/image\/","url":"https:\/\/kriegs-zeitzeugen.ch\/wp-content\/uploads\/2020\/06\/ZeitZeugen-Collage-Soundcloud-3-freigestellt-k-2-e1591724055360.png","contentUrl":"https:\/\/kriegs-zeitzeugen.ch\/wp-content\/uploads\/2020\/06\/ZeitZeugen-Collage-Soundcloud-3-freigestellt-k-2-e1591724055360.png","width":2400,"height":658,"caption":"Zeitzeugen"},"image":{"@id":"https:\/\/kriegs-zeitzeugen.ch\/#\/schema\/logo\/image\/"}},{"@type":"Person","@id":"https:\/\/kriegs-zeitzeugen.ch\/#\/schema\/person\/3248ab641d04b28fe26a687f2c6afeb5","name":"admin","image":{"@type":"ImageObject","inLanguage":"de","@id":"https:\/\/secure.gravatar.com\/avatar\/e6d08ba1ba5d9ee6519be5c5253c9f2ad6d6fab525209c0891a032d84cd887f6?s=96&d=mm&r=g","url":"https:\/\/secure.gravatar.com\/avatar\/e6d08ba1ba5d9ee6519be5c5253c9f2ad6d6fab525209c0891a032d84cd887f6?s=96&d=mm&r=g","contentUrl":"https:\/\/secure.gravatar.com\/avatar\/e6d08ba1ba5d9ee6519be5c5253c9f2ad6d6fab525209c0891a032d84cd887f6?s=96&d=mm&r=g","caption":"admin"},"sameAs":["https:\/\/kriegs-zeitzeugen.ch"],"url":"https:\/\/kriegs-zeitzeugen.ch\/index.php\/author\/chbenz-admin\/"}]}},"_links":{"self":[{"href":"https:\/\/kriegs-zeitzeugen.ch\/index.php\/wp-json\/wp\/v2\/posts\/42","targetHints":{"allow":["GET"]}}],"collection":[{"href":"https:\/\/kriegs-zeitzeugen.ch\/index.php\/wp-json\/wp\/v2\/posts"}],"about":[{"href":"https:\/\/kriegs-zeitzeugen.ch\/index.php\/wp-json\/wp\/v2\/types\/post"}],"author":[{"embeddable":true,"href":"https:\/\/kriegs-zeitzeugen.ch\/index.php\/wp-json\/wp\/v2\/users\/1"}],"replies":[{"embeddable":true,"href":"https:\/\/kriegs-zeitzeugen.ch\/index.php\/wp-json\/wp\/v2\/comments?post=42"}],"version-history":[{"count":31,"href":"https:\/\/kriegs-zeitzeugen.ch\/index.php\/wp-json\/wp\/v2\/posts\/42\/revisions"}],"predecessor-version":[{"id":171,"href":"https:\/\/kriegs-zeitzeugen.ch\/index.php\/wp-json\/wp\/v2\/posts\/42\/revisions\/171"}],"wp:featuredmedia":[{"embeddable":true,"href":"https:\/\/kriegs-zeitzeugen.ch\/index.php\/wp-json\/wp\/v2\/media\/152"}],"wp:attachment":[{"href":"https:\/\/kriegs-zeitzeugen.ch\/index.php\/wp-json\/wp\/v2\/media?parent=42"}],"wp:term":[{"taxonomy":"category","embeddable":true,"href":"https:\/\/kriegs-zeitzeugen.ch\/index.php\/wp-json\/wp\/v2\/categories?post=42"},{"taxonomy":"post_tag","embeddable":true,"href":"https:\/\/kriegs-zeitzeugen.ch\/index.php\/wp-json\/wp\/v2\/tags?post=42"}],"curies":[{"name":"wp","href":"https:\/\/api.w.org\/{rel}","templated":true}]}}